[{"@context":"https:\/\/schema.org\/","@type":"Article","@id":"https:\/\/www.gravit.cz\/tam-kde-jsou-veci-krasne\/#Article","mainEntityOfPage":"https:\/\/www.gravit.cz\/tam-kde-jsou-veci-krasne\/","headline":"Tam, kde jsou v\u011bci kr\u00e1sn\u00e9","name":"Tam, kde jsou v\u011bci kr\u00e1sn\u00e9","description":"Milujete historii, um\u011bn\u00ed a dobrodru\u017en\u00e9 v\u00fdlety do nezn\u00e1ma? Milujete, jste-li na sv\u00fdch v\u00fdprav\u00e1ch i doma obklopeni kr\u00e1sn\u00fdmi v\u011bcmi, v\u011bcmi s tajemstv\u00edm, v\u011bcmi, kter\u00e9 maj\u00ed v sob\u011b dotek lidsk\u00e9 ruky? Pak m\u00e1te jist\u011b r\u00e1di, kdy\u017e si kupujete n\u011bco do sv\u00e9ho domova, je-li v tom kus historie a p\u0159\u00edb\u011bhu. Toto v\u0161e a mnohem v\u00edc budete m\u00edt, zvol\u00edte-li [&hellip;]","datePublished":"2023-05-27","dateModified":"2024-06-04","author":{"@type":"Person","@id":"https:\/\/www.gravit.cz\/author\/#Person","name":"","url":"https:\/\/www.gravit.cz\/author\/","identifier":1,"image":{"@type":"ImageObject","@id":"https:\/\/secure.gravatar.com\/avatar\/c36ac855b1ee9cce96e09824fb5426d6eaccd04233fbf51e04e067ccd1b5fe13?s=96&d=mm&r=g","url":"https:\/\/secure.gravatar.com\/avatar\/c36ac855b1ee9cce96e09824fb5426d6eaccd04233fbf51e04e067ccd1b5fe13?s=96&d=mm&r=g","height":96,"width":96}},"publisher":{"@type":"Organization","name":"gravit.cz","logo":{"@type":"ImageObject","@id":"\/logo.png","url":"\/logo.png","width":600,"height":60}},"url":"https:\/\/www.gravit.cz\/tam-kde-jsou-veci-krasne\/","wordCount":248,"articleBody":"Milujete historii, um\u011bn\u00ed a dobrodru\u017en\u00e9 v\u00fdlety do nezn\u00e1ma? Milujete, jste-li na sv\u00fdch v\u00fdprav\u00e1ch i doma obklopeni kr\u00e1sn\u00fdmi v\u011bcmi, v\u011bcmi s tajemstv\u00edm, v\u011bcmi, kter\u00e9 maj\u00ed v sob\u011b dotek lidsk\u00e9 ruky? Pak m\u00e1te jist\u011b r\u00e1di, kdy\u017e si kupujete n\u011bco do sv\u00e9ho domova, je-li v tom kus historie a p\u0159\u00edb\u011bhu. Toto v\u0161e a mnohem v\u00edc budete m\u00edt, zvol\u00edte-li si t\u0159eba pro tento v\u00edkend jako c\u00edl sv\u00fdch v\u00fdprav Polici nad Metuj\u00ed, m\u011bsto, v n\u011bm\u017e se nach\u00e1z\u00ed Galerie Kaufman. Tento jedine\u010dn\u00fd prostor v sob\u011b snoub\u00ed kr\u00e1su, tradici i historii, odnesete si jedine\u010dn\u00fd z\u00e1\u017eitek, m\u016f\u017eete si odn\u00e9st i obraz.Ned\u011bln\u00ed v\u00fdletA t\u0159eba pr\u00e1v\u011b pro V\u00e1\u0161 ned\u011bln\u00ed v\u00fdlet jsou tyto prostory v\u00fdte\u010dn\u00fdm c\u00edlem. Ne\u010dekejte, \u017ee budete hledat novostavbu v centru m\u011bsta. Zdej\u0161\u00ed prostory jsou b\u00fdvalou hospod\u00e1\u0159skou usedlost\u00ed, rodina Kaufman\u016f ve zdej\u0161\u00edm kraji prokazateln\u011b p\u016fsob\u00ed ji\u017e minim\u00e1ln\u011b od roku 1793, kdy jeden z d\u00e1vn\u00fdch p\u0159edk\u016f za\u010dal s provozov\u00e1n\u00edm hostince U zelen\u00e9ho stromu. Jeho osudy byly je\u0161t\u011b zapeklit\u00e9, nicm\u00e9n\u011b prostory dne\u0161n\u00ed galerie jsou jist\u00fdm c\u00edlem, kam m\u016f\u017eete zav\u00edtat ve v\u0161edn\u00ed den i ve sv\u00e1tek, u\u017eijete si v\u00edce ne\u017e jen n\u00e1dhern\u00e9 a origin\u00e1ln\u00ed obrazy.                                                                                                                                                                                                                                                                                                                                                                                                "},{"@context":"https:\/\/schema.org\/","@type":"BreadcrumbList","itemListElement":[{"@type":"ListItem","position":1,"name":"Tam, kde jsou v\u011bci kr\u00e1sn\u00e9","item":"https:\/\/www.gravit.cz\/tam-kde-jsou-veci-krasne\/#breadcrumbitem"}]}]