[{"@context":"https:\/\/schema.org\/","@type":"Article","@id":"https:\/\/www.gravit.cz\/jizda-autem-nebo-vlakem\/#Article","mainEntityOfPage":"https:\/\/www.gravit.cz\/jizda-autem-nebo-vlakem\/","headline":"J\u00edzda autem nebo vlakem","name":"J\u00edzda autem nebo vlakem","description":"Bez automobilu to opravdu nejde! Nestyd\u00edm se tohle \u0159\u00edct, proto\u017ee j\u00e1 bych se asi bez auta zbl\u00e1znila. Absolutn\u011b nev\u00edm, jak bych tohle v\u0161echno \u0159e\u0161ila, kdybych nem\u011bla auto. Je opravdu hodn\u011b lid\u00ed, kte\u0159\u00ed t\u0159eba autem jezd\u00ed do pr\u00e1ce, t\u0159eba bydl\u00ed daleko od sv\u00e9 pr\u00e1ce,\u00a0bydl\u00ed klidn\u011b i dvacet kilometr\u016f\u00a0anebo\u00a0i osmdes\u00e1t kilometr\u016f. M\u016fj bratr dokonce jezdil, mysl\u00edm do [&hellip;]","datePublished":"2023-08-28","dateModified":"2024-06-04","author":{"@type":"Person","@id":"https:\/\/www.gravit.cz\/author\/#Person","name":"","url":"https:\/\/www.gravit.cz\/author\/","identifier":1,"image":{"@type":"ImageObject","@id":"https:\/\/secure.gravatar.com\/avatar\/c36ac855b1ee9cce96e09824fb5426d6eaccd04233fbf51e04e067ccd1b5fe13?s=96&d=mm&r=g","url":"https:\/\/secure.gravatar.com\/avatar\/c36ac855b1ee9cce96e09824fb5426d6eaccd04233fbf51e04e067ccd1b5fe13?s=96&d=mm&r=g","height":96,"width":96}},"publisher":{"@type":"Organization","name":"gravit.cz","logo":{"@type":"ImageObject","@id":"\/logo.png","url":"\/logo.png","width":600,"height":60}},"image":{"@type":"ImageObject","@id":"https:\/\/www.gravit.cz\/wp-content\/uploads\/car-8031261_960_720.jpg","url":"https:\/\/www.gravit.cz\/wp-content\/uploads\/car-8031261_960_720.jpg","height":0,"width":0},"url":"https:\/\/www.gravit.cz\/jizda-autem-nebo-vlakem\/","about":["Auto moto"],"wordCount":404,"articleBody":"Bez automobilu to opravdu nejde! Nestyd\u00edm se tohle \u0159\u00edct, proto\u017ee j\u00e1 bych se asi bez auta zbl\u00e1znila. Absolutn\u011b nev\u00edm, jak bych tohle v\u0161echno \u0159e\u0161ila, kdybych nem\u011bla auto. Je opravdu hodn\u011b lid\u00ed, kte\u0159\u00ed t\u0159eba autem jezd\u00ed do pr\u00e1ce, t\u0159eba bydl\u00ed daleko od sv\u00e9 pr\u00e1ce,\u00a0bydl\u00ed klidn\u011b i dvacet kilometr\u016f\u00a0anebo\u00a0i osmdes\u00e1t kilometr\u016f. M\u016fj bratr dokonce jezdil, mysl\u00edm do sedmdes\u00e1ti\u00a0kilometrov\u00e9 vzd\u00e1lenosti, kdy\u017e chodil do \u0161koly. Jezdil tam takhle \u010dty\u0159i\u00a0roky, a to opravdu ka\u017ed\u00fd den. Byl opravdu hodn\u011b \u0161ikovn\u00fd a j\u00e1 jsem si \u0159\u00edkala, \u017ee j\u00e1 bych takhle asi do sedmdes\u00e1ti\u00a0kilometrov\u00e9 vzd\u00e1lenosti nedok\u00e1zala jezdit\u00a0\u00fapln\u011b ka\u017ed\u00fd den anebo t\u0159eba do konce \u017eivota.Kdyby takhle n\u011bkdo jezdil daleko do pr\u00e1ce, tak klobouk dol\u016f. Samoz\u0159ejm\u011b, \u017ee se d\u00e1 jet vlakem a bratr pr\u00e1v\u011b jezdil vlakem. Ale pozd\u011bji, kdy\u017e u\u017e m\u011bl kone\u010dn\u011b \u0159idi\u010d\u00e1k, tak posledn\u00ed dva\u00a0roky na st\u0159edn\u00ed \u0161kole jezdil automobilem. Sice to nebylo nic extra\u00a0auto, nebylo ani drah\u00e9, koupil si ho v bazaru za t\u0159icet tis\u00edc\u00a0korun, ale i tak byl r\u00e1d, \u017ee kone\u010dn\u011b m\u016f\u017ee\u00a0jezdit automobilem, proto\u017ee vlak mu do \u0161koly jezdil o hodinu a p\u016fl d\u0159\u00edve, tak\u017ee v\u017edycky byl\u00a0u\u017e v m\u00edst\u011b o hodinu a p\u016fl d\u0159\u00edv, tak\u017ee je\u0161t\u011b musel n\u011bkde b\u011bhat, ne\u017e\u00a0se mu otev\u0159e \u0161kola. To je docela hrozn\u00e9 a takhle ka\u017ed\u00fd den! To muselo b\u00fdt opravdu katastrof\u00e1ln\u00ed! Pro m\u011b by to nebylo.\u00a0Proto\u00a0jsem si \u0159ekla, \u017ee nejlep\u0161\u00ed je, kdy\u017e \u010dlov\u011bk m\u00e1 automobil anebo kdy\u017e ho\u00a0nem\u00e1, m\u011bl by si naj\u00edt\u00a0zam\u011bstn\u00e1n\u00ed a \u0161kolu v m\u00edst\u011b bydli\u0161t\u011b anebo n\u011bkde bl\u00ed\u017ee, aby nemusel\u00a0takhle jezdit vlakem nebo autobusem. Kam\u00a0by potom dal t\u011b\u017ek\u00e9 v\u011bc\u00ed? Tahat je sebou?\u00a0Tak\u017ee, kdy\u017e jedete autobusem nebo vlakem, tak m\u00e1te\u00a0tak\u00e9 omezen\u00ed, proto\u017ee kdy\u017e pot\u00e1hnete s sebou n\u011bco velice t\u011b\u017ek\u00e9ho, tak to potom tak\u00e9 \u00fanavn\u00e9\u00a0anebo z toho bol\u00ed z\u00e1da. Auto je jednodu\u0161e moje srdcovka. A\u00a0mysl\u00edm si, \u017ee nejsem jedin\u00e1, dokonce i m\u016fj bratr \u0159ekl, \u017ee je opravdu hodn\u011b r\u00e1d, \u017ee m\u00e1 \u0159idi\u010d\u00e1k a \u017ee je bez n\u011bj si\u00a0toho u\u017e nedok\u00e1\u017ee p\u0159edstavit.\u00a0                                                                                                                                                                                                                                                                                                                                                                                                "},{"@context":"https:\/\/schema.org\/","@type":"BreadcrumbList","itemListElement":[{"@type":"ListItem","position":1,"name":"J\u00edzda autem nebo vlakem","item":"https:\/\/www.gravit.cz\/jizda-autem-nebo-vlakem\/#breadcrumbitem"}]}]